{"id":121,"date":"2022-03-28T13:50:31","date_gmt":"2022-03-28T17:50:31","guid":{"rendered":"http:\/\/www.elmundodelapolitica.com\/v2\/?p=25165"},"modified":"2022-03-28T13:50:31","modified_gmt":"2022-03-28T17:50:31","slug":"fernandez-visita-mejia-testimoniarle-respeto-y-condolencias","status":"publish","type":"post","link":"https:\/\/elmundodelapolitica.com\/v1\/fernandez-visita-mejia-testimoniarle-respeto-y-condolencias\/","title":{"rendered":"Fern\u00e1ndez visita Mej\u00eda testimoniarle respeto y condolencias"},"content":{"rendered":"\n<p>Santo Domingo, R.D. Marzo  2022.- El presidente del partido Fuerza del Pueblo, doctor Leonel Fern\u00e1ndez, visit\u00f3 en su residencia al expresidente de la Rep\u00fablica, Hip\u00f3lito Mej\u00eda, para testimoniar personalmente sus condolencias por el fallecimiento de su esposa, la ex Primera Dama Do\u00f1a Rosa G\u00f3mez de Mej\u00eda.<\/p>\n\n\n\n<p>Fern\u00e1ndez Reyna, acompa\u00f1ado de los miembros de la Direcci\u00f3n Pol\u00edtica de la FP, Radhames Jim\u00e9nez Pe\u00f1a, Nicol\u00e1s Calder\u00f3n, el adem\u00e1s senador por San Crist\u00f3bal, Franklin Rodr\u00edguez, el Senador por Pedernales, Dionis Sanchez, y Nathanael Concepci\u00f3n, llegaron a la residencia del exmandatario en el sector La Julia de la Capital.<\/p>\n\n\n\n<p>Al finalizar la visita, que dur\u00f3 aproximadamente 30 minutos, los expresidentes emitieron declaraciones conjuntas a los medios de comunicaci\u00f3n apostados, en el frente se la residencia, donde el presidente de la FP dijo que, \"hemos venido a testimoniarle nuestro respeto y nuestras condolencias al expresidente Hip\u00f3lito Mej\u00eda, con motivo del fallecimiento de su esposa, una dama distinguida, apreciada, valorada, querida por todo el pueblo dominicano y que recibi\u00f3 en su despedida una gran manifestaci\u00f3n de apoyo y de amor\".<\/p>\n\n\n\n<p>Al dirigirse al ex presidente Mej\u00eda, Fernandez agreg\u00f3: \"as\u00ed Presidente, en medio de su tristeza, de su dolor, hemos venido a acompa\u00f1arle en este momento decisivo de su vida, porque s\u00e9 del impacto emocional que le genera\".<\/p>\n\n\n\n<p>Fern\u00e1ndez compar\u00f3 a la ex Primera Dama, con su fallecida madre Yolanda Reyna, expresando que \"do\u00f1a Rosa, como lo sabe el Presidente Mej\u00eda, era una persona muy discreta, de muy bajo perfil, en eso se me parec\u00eda a do\u00f1a Yolanda, personas que no estaban frente a las c\u00e1maras\".<\/p>\n\n\n\n<p>Concluy\u00f3 sus palabras, expresando c\u00f3mo ven al expresidente Mej\u00eda desde la FP, \"quer\u00edamos que usted supiera que desde la Fuerza del Pueblo y a t\u00edtulo personal, cada uno de nosotros siente hacia usted y hacia su familia consideraci\u00f3n, respeto y afecto\".<\/p>\n\n\n\n<p>Por su parte, Mej\u00eda agradeci\u00f3 la visita de Fern\u00e1ndez y los dem\u00e1s miembros de la Fuerza del Pueblo al expresar que, \"momentos como estos yo se lo agradezco de todo coraz\u00f3n\".<\/p>\n","protected":false},"excerpt":{"rendered":"<p>Santo Domingo, R.D. Marzo 2022.- El presidente del partido Fuerza del Pueblo, doctor Leonel Fern\u00e1ndez, visit\u00f3 en su residencia al expresidente de la Rep\u00fablica, Hip\u00f3lito Mej\u00eda, para testimoniar personalmente sus&hellip; <\/p>\n","protected":false},"author":2,"featured_media":122,"comment_status":"closed","ping_status":"open","sticky":false,"template":"","format":"standard","meta":{"fifu_image_url":"","fifu_image_alt":"","footnotes":""},"categories":[17],"tags":[],"class_list":["post-121","post","type-post","status-publish","format-standard","has-post-thumbnail","hentry","category-politica"],"_links":{"self":[{"href":"https:\/\/elmundodelapolitica.com\/v1\/wp-json\/wp\/v2\/posts\/121","targetHints":{"allow":["GET"]}}],"collection":[{"href":"https:\/\/elmundodelapolitica.com\/v1\/wp-json\/wp\/v2\/posts"}],"about":[{"href":"https:\/\/elmundodelapolitica.com\/v1\/wp-json\/wp\/v2\/types\/post"}],"author":[{"embeddable":true,"href":"https:\/\/elmundodelapolitica.com\/v1\/wp-json\/wp\/v2\/users\/2"}],"replies":[{"embeddable":true,"href":"https:\/\/elmundodelapolitica.com\/v1\/wp-json\/wp\/v2\/comments?post=121"}],"version-history":[{"count":0,"href":"https:\/\/elmundodelapolitica.com\/v1\/wp-json\/wp\/v2\/posts\/121\/revisions"}],"wp:featuredmedia":[{"embeddable":true,"href":"https:\/\/elmundodelapolitica.com\/v1\/wp-json\/wp\/v2\/media\/122"}],"wp:attachment":[{"href":"https:\/\/elmundodelapolitica.com\/v1\/wp-json\/wp\/v2\/media?parent=121"}],"wp:term":[{"taxonomy":"category","embeddable":true,"href":"https:\/\/elmundodelapolitica.com\/v1\/wp-json\/wp\/v2\/categories?post=121"},{"taxonomy":"post_tag","embeddable":true,"href":"https:\/\/elmundodelapolitica.com\/v1\/wp-json\/wp\/v2\/tags?post=121"}],"curies":[{"name":"wp","href":"https:\/\/api.w.org\/{rel}","templated":true}]}}