{"id":119,"date":"2022-03-28T13:57:21","date_gmt":"2022-03-28T17:57:21","guid":{"rendered":"http:\/\/www.elmundodelapolitica.com\/v2\/?p=25168"},"modified":"2022-03-28T13:57:21","modified_gmt":"2022-03-28T17:57:21","slug":"fernandez-reyna-expresa-condolencias-familia-castillo-seman-ante-partida-dona-sogela","status":"publish","type":"post","link":"https:\/\/elmundodelapolitica.com\/v1\/fernandez-reyna-expresa-condolencias-familia-castillo-seman-ante-partida-dona-sogela\/","title":{"rendered":"Fern\u00e1ndez Reyna expresa condolencias familia Castillo Sem\u00e1n ante partida do\u00f1a Sogela"},"content":{"rendered":"\n<p>Santo Domingo, R.D. Marzo 27, 2022.- El presidente de la Fuerza del Pueblo, doctor Leonel Fern\u00e1ndez, acudi\u00f3 a la Funeraria Blandino a ofrecer sus condolencias a la familia Castillo Sem\u00e1n, por el fallecimiento de do\u00f1a Sogela Sem\u00e1n, esposa del doctor Marino Vinicio Castillo y madre de Ju\u00e1rez, Vinicito, Pelegr\u00edn y Sogelita Castillo Sem\u00e1n.<\/p>\n\n\n\n<p>Al ser abordados por miembros de la prensa que estaban presentes, Fern\u00e1ndez Reyna resalt\u00f3 la cualidad de do\u00f1a Sogela como centro de su familia.<br>\"Es una pena muy sensible, para la familia Castillo, para todos los que conoc\u00edamos a do\u00f1a Sogela, como cari\u00f1osamente le llam\u00e1bamos siempre. Fue el centro de su familia, los muchachos, Pelegr\u00edn, Vinicio, Ju\u00e1rez, Sogelita, pues giraban en torno a ella y para el doctor Castillo obviamente una p\u00e9rdida devastadora en t\u00e9rminos emocionales, su compa\u00f1era de m\u00e1s de 60 a\u00f1os\", describi\u00f3 Fern\u00e1ndez.<\/p>\n\n\n\n<p>Sigui\u00f3 diciendo que desde la Fuerza del Pueblo est\u00e1n apenados por esta p\u00e9rdida. \"Todos sentimos el dolor, el vac\u00edo que deja el fallecimiento de lo que es el centro de la familia, do\u00f1a Sogela en este caso\", fueron sus palabras.<\/p>\n\n\n\n<p>En su visita estuvo acompa\u00f1ado por Rafael Paz, excandidato a Senador por el Distrito Nacional por el PLD, quien estaba previsto se juramentara este dia en la Fuerza del Pueblo, acto que fue suspendido en solidaridad con la familia Castillo Sem\u00e1n.<\/p>\n\n\n\n<p>En un acto m\u00e1s \u00edntimo donde solo acudieron las personas que ingresar\u00edan a la FP y miembros de la Direcci\u00f3n Pol\u00edtica de este partido, encabezados por Leonel Fern\u00e1ndez, Paz Familia y el equipo de hombres y mujeres que le siguen dieron a conocer su respaldo a este partido.<\/p>\n","protected":false},"excerpt":{"rendered":"<p>Santo Domingo, R.D. Marzo 27, 2022.- El presidente de la Fuerza del Pueblo, doctor Leonel Fern\u00e1ndez, acudi\u00f3 a la Funeraria Blandino a ofrecer sus condolencias a la familia Castillo Sem\u00e1n,&hellip; <\/p>\n","protected":false},"author":2,"featured_media":120,"comment_status":"closed","ping_status":"open","sticky":false,"template":"","format":"standard","meta":{"fifu_image_url":"","fifu_image_alt":"","footnotes":""},"categories":[17],"tags":[],"class_list":["post-119","post","type-post","status-publish","format-standard","has-post-thumbnail","hentry","category-politica"],"_links":{"self":[{"href":"https:\/\/elmundodelapolitica.com\/v1\/wp-json\/wp\/v2\/posts\/119","targetHints":{"allow":["GET"]}}],"collection":[{"href":"https:\/\/elmundodelapolitica.com\/v1\/wp-json\/wp\/v2\/posts"}],"about":[{"href":"https:\/\/elmundodelapolitica.com\/v1\/wp-json\/wp\/v2\/types\/post"}],"author":[{"embeddable":true,"href":"https:\/\/elmundodelapolitica.com\/v1\/wp-json\/wp\/v2\/users\/2"}],"replies":[{"embeddable":true,"href":"https:\/\/elmundodelapolitica.com\/v1\/wp-json\/wp\/v2\/comments?post=119"}],"version-history":[{"count":0,"href":"https:\/\/elmundodelapolitica.com\/v1\/wp-json\/wp\/v2\/posts\/119\/revisions"}],"wp:featuredmedia":[{"embeddable":true,"href":"https:\/\/elmundodelapolitica.com\/v1\/wp-json\/wp\/v2\/media\/120"}],"wp:attachment":[{"href":"https:\/\/elmundodelapolitica.com\/v1\/wp-json\/wp\/v2\/media?parent=119"}],"wp:term":[{"taxonomy":"category","embeddable":true,"href":"https:\/\/elmundodelapolitica.com\/v1\/wp-json\/wp\/v2\/categories?post=119"},{"taxonomy":"post_tag","embeddable":true,"href":"https:\/\/elmundodelapolitica.com\/v1\/wp-json\/wp\/v2\/tags?post=119"}],"curies":[{"name":"wp","href":"https:\/\/api.w.org\/{rel}","templated":true}]}}