{"id":1161,"date":"2022-11-29T01:08:09","date_gmt":"2022-11-29T05:08:09","guid":{"rendered":"https:\/\/elmundodelapolitica.com\/v1\/?p=1161"},"modified":"2022-11-29T01:08:09","modified_gmt":"2022-11-29T05:08:09","slug":"resumen-la-hazana-de-alberto-bona-en-la-class40-ibsa-octavo-en-la-route-du-rhum","status":"publish","type":"post","link":"https:\/\/elmundodelapolitica.com\/v1\/resumen-la-hazana-de-alberto-bona-en-la-class40-ibsa-octavo-en-la-route-du-rhum\/","title":{"rendered":"Resumen: La haza\u00f1a de Alberto Bona en la Class40 IBSA: octavo en la Route du Rhum"},"content":{"rendered":"<p>\"Una regata muy bonita pero extremadamente dura: he estado navegando sin el piloto autom\u00e1tico principal desde el primer d\u00eda\"<br \/>\nPOINTE-\u00c0-PITRE, Guadalupe&#8211;(BUSINESS WIRE)&#8211;El jueves 24 de noviembre, a las 15:34:50 hora local (20:34:50 hora peninsular espa\u00f1ola) en Pointe-\u00e0-Pitre, Alberto Bona, a bordo del Class40 IBSA, cruz\u00f3 la l\u00ednea de meta de la duod\u00e9cima edici\u00f3n de la Route du Rhum en octavo lugar. Su tiempo de regata es de 15 d\u00edas, 6 horas, 19 minutos y 50 segundos. El patr\u00f3n de la Class40 IBSA recorri\u00f3 las 3542 millas entre Saint-Malo y Pointe-\u00e0-Pitre a una velocidad de 9,67 nudos en el recorrido del gran c\u00edrculo, recorriendo en realidad 4005,51 millas a una velocidad media de 10,93 nudos. Lleg\u00f3 a Pointe-\u00e0-Pitre 1 d\u00eda, 3 horas, 11 minutos y 10 segundos despu\u00e9s del ganador de la Clase 40, Yoann Richomme.<\/p>\n<p>El comunicado en el idioma original es la versi\u00f3n oficial y autorizada del mismo. Esta traducci\u00f3n es solamente un medio de ayuda y deber\u00e1 ser comparada con el texto en idioma original, que es la \u00fanica versi\u00f3n del texto que tendr\u00e1 validez legal.<br \/>\n Contacts<br \/>\nFOR INFORMATION TO THE PRESSIBSA Press Office \u2013 ItalyValeria Riccobono \u2013 valeria.riccobono@noesis.net \u2013 mob: +39 392 9625892<br \/>\nOrnella Reccia \u2013 ornella.reccia@noesis.net \u2013 mob. +39 329 393 1922<\/p>\n<p>IBSA Press Office \u2013 SwitzerlandFrancesca Rossini \u2013 notizie@laboratoriodelleparole.net \u2013 mob: +41 77 417 93 72<\/p>\n","protected":false},"excerpt":{"rendered":"<div>\n<p class=\"bwalignc\">\n<i>\"Una regata muy bonita pero extremadamente dura: he estado navegando sin el piloto autom\u00e1tico principal desde el primer d\u00eda\"<\/i>\n<\/p>\n<p>POINTE-\u00c0-PITRE, Guadalupe&#8211;(BUSINESS WIRE)&#8211;El jueves 24 de noviembre, a las 15:34:50 hora local (20:34:50 hora peninsular espa\u00f1ola) en Pointe-\u00e0-Pitre, Alberto Bona, a bordo del Class40 IBSA, cruz\u00f3 la l\u00ednea de meta de la duod\u00e9cima edici\u00f3n de la Route du Rhum <b>en octavo lugar. Su tiempo de regata es de 15 d\u00edas, 6 horas, 19 minutos y 50 segundos<\/b>. El patr\u00f3n de la Class40 IBSA recorri\u00f3 las 3542 millas entre Saint-Malo y Pointe-\u00e0-Pitre a una velocidad de 9,67 nudos en el recorrido del gran c\u00edrculo, recorriendo en realidad 4005,51 millas a una velocidad media de 10,93 nudos. Lleg\u00f3 a Pointe-\u00e0-Pitre 1 d\u00eda, 3 horas, 11 minutos y 10 segundos despu\u00e9s del ganador de la Clase 40, Yoann Richomme.\n<\/p>\n<p><a href=\"https:\/\/mms.businesswire.com\/media\/20221125005119\/es\/1647092\/5\/B7A6947.jpg\"><img decoding=\"async\" src=\"https:\/\/mms.businesswire.com\/media\/20221125005116\/en\/1647092\/21\/B7A6947.jpg\"><\/a><br \/><a href=\"https:\/\/mms.businesswire.com\/media\/20221125005119\/es\/1647031\/4\/IBSA-logo-payoff-RGB.jpg\"><img decoding=\"async\" src=\"https:\/\/mms.businesswire.com\/media\/20221125005116\/en\/1647031\/21\/IBSA-logo-payoff-RGB.jpg\"><\/a><\/p>\n<p>\nEl comunicado en el idioma original es la versi\u00f3n oficial y autorizada del mismo. Esta traducci\u00f3n es solamente un medio de ayuda y deber\u00e1 ser comparada con el texto en idioma original, que es la \u00fanica versi\u00f3n del texto que tendr\u00e1 validez legal.\n<\/p>\n<p> <b>Contacts<\/b> <\/p>\n<p>\n<b><span class=\"bwuline\">FOR INFORMATION TO THE PRESS<\/span><\/b><br \/><b>IBSA Press Office \u2013 Italy<\/b><br \/>Valeria Riccobono \u2013 <a target=\"_blank\" href=\"mailto:valeria.riccobono@noesis.net\" rel=\"nofollow noopener\">valeria.riccobono@noesis.net<\/a> \u2013 mob: +39 392 9625892<br \/>\n<br \/>Ornella Reccia \u2013 <a target=\"_blank\" href=\"mailto:ornella.reccia@noesis.net\" rel=\"nofollow noopener\">ornella.reccia@noesis.net<\/a> \u2013 mob. +39 329 393 1922\n<\/p>\n<p>\n<b>IBSA Press Office \u2013 Switzerland<\/b><br \/>Francesca Rossini \u2013 <a target=\"_blank\" href=\"mailto:notizie@laboratoriodelleparole.net\" rel=\"nofollow noopener\">notizie@laboratoriodelleparole.net<\/a> \u2013 mob: +41 77 417 93 72\n<\/p>\n<\/div>\n","protected":false},"author":2,"featured_media":1162,"comment_status":"closed","ping_status":"closed","sticky":false,"template":"","format":"standard","meta":{"fifu_image_url":"","fifu_image_alt":"","footnotes":""},"categories":[44],"tags":[],"class_list":["post-1161","post","type-post","status-publish","format-standard","has-post-thumbnail","hentry","category-business-wire"],"_links":{"self":[{"href":"https:\/\/elmundodelapolitica.com\/v1\/wp-json\/wp\/v2\/posts\/1161","targetHints":{"allow":["GET"]}}],"collection":[{"href":"https:\/\/elmundodelapolitica.com\/v1\/wp-json\/wp\/v2\/posts"}],"about":[{"href":"https:\/\/elmundodelapolitica.com\/v1\/wp-json\/wp\/v2\/types\/post"}],"author":[{"embeddable":true,"href":"https:\/\/elmundodelapolitica.com\/v1\/wp-json\/wp\/v2\/users\/2"}],"replies":[{"embeddable":true,"href":"https:\/\/elmundodelapolitica.com\/v1\/wp-json\/wp\/v2\/comments?post=1161"}],"version-history":[{"count":0,"href":"https:\/\/elmundodelapolitica.com\/v1\/wp-json\/wp\/v2\/posts\/1161\/revisions"}],"wp:featuredmedia":[{"embeddable":true,"href":"https:\/\/elmundodelapolitica.com\/v1\/wp-json\/wp\/v2\/media\/1162"}],"wp:attachment":[{"href":"https:\/\/elmundodelapolitica.com\/v1\/wp-json\/wp\/v2\/media?parent=1161"}],"wp:term":[{"taxonomy":"category","embeddable":true,"href":"https:\/\/elmundodelapolitica.com\/v1\/wp-json\/wp\/v2\/categories?post=1161"},{"taxonomy":"post_tag","embeddable":true,"href":"https:\/\/elmundodelapolitica.com\/v1\/wp-json\/wp\/v2\/tags?post=1161"}],"curies":[{"name":"wp","href":"https:\/\/api.w.org\/{rel}","templated":true}]}}