{"id":1156,"date":"2022-11-27T14:48:55","date_gmt":"2022-11-27T18:48:55","guid":{"rendered":"https:\/\/elmundodelapolitica.com\/v1\/?p=1156"},"modified":"2022-11-27T14:48:57","modified_gmt":"2022-11-27T18:48:57","slug":"se-juramentan-en-prm-dirigentes-del-prd-y-fuerza-del-pueblo-en-sanchez-ramirez","status":"publish","type":"post","link":"https:\/\/elmundodelapolitica.com\/v1\/se-juramentan-en-prm-dirigentes-del-prd-y-fuerza-del-pueblo-en-sanchez-ramirez\/","title":{"rendered":"Se juramentan en PRM dirigentes del PRD y Fuerza del Pueblo en S\u00e1nchez Ram\u00edrez"},"content":{"rendered":"\n<p>S\u00c1NCHEZ RAM\u00cdREZ. &#8211; El\u00a0 ex alcalde Jos\u00e9 Est\u00e9vez Benz\u00e1n y al regidor Gewil Acosta abandonaron los partidos\u00a0 Revolucionario Dominicano (PRD) y la Fuerza del Pueblo (FP), respectivamente, e ingresaron al gubernamental Partido Revolucionario Moderno (PRM).<\/p>\n\n\n\n<p>Ambos fueron juramentados en esta organizaci\u00f3n por su presidente, Jos\u00e9 Ignacio Paliza, quien &nbsp;expres\u00f3 que el PRM recibe con los brazos abiertos a todo aquel que est\u00e9 dispuesto a trabajar hombro a hombro por las mejores causas del pa\u00eds.<\/p>\n\n\n\n<p>\u201cEl reencuentro es producto de la unidad, este es el partido del doctor Jos\u00e9 Francisco Pe\u00f1a G\u00f3mez\u201d, dijo en un acto en el Club 14 de Julio, de Fantino.<\/p>\n\n\n\n<p>\u201cNo me cansar\u00e9 de repetir que el cambio es hacer las cosas distintas y hacer m\u00e1s con menos. Es brindarle un buen servicio al ciudadano y ser transparentes, es cuidar los servicios p\u00fablicos y ser honestos. Hay muchos que se resisten al cambio porque est\u00e1n acostumbrados a la vieja forma de hacer pol\u00edtica. El cambio est\u00e1 para quedarse\u201d<\/p>\n\n\n\n<p>Resalt\u00f3 que el presidente Luis Abinader es \u00abuna m\u00e1quina de trabajo que trabaja casi 20 horas al d\u00eda\u00bb.<\/p>\n\n\n\n<p>Inst\u00f3 a los perreme\u00edstas a&nbsp; apoyar al gobierno de Abinader y dijo&nbsp; est\u00e1r seguro de que cuando termine su gesti\u00f3n ser\u00e1 recordado como el presidente m\u00e1s formidable que ha tendido la Rep\u00fablica Dominicana.<\/p>\n\n\n\n<p>El senador de la provincia, Ricardo de los Santos, resalt\u00f3 la gesti\u00f3n, las obras y grandes aportes que est\u00e1 realizando el presidente Abinader aqu\u00ed.<\/p>\n\n\n\n<p>En el acto tambi\u00e9n estuvieron Eddy Olivares, vicepresidente del PRM; los dirigentes nacionales, Luis Delgado y Kathy D\u00edaz, el presidente provincial, Negro Arias; el alcalde de Villa la Mata, Miguel Martinez; el secretario&nbsp; provincial, Jacobo Ascenci\u00f3n as\u00ed como otras autoridades provinciales y municipales.<\/p>\n","protected":false},"excerpt":{"rendered":"<p>S\u00c1NCHEZ RAM\u00cdREZ. &#8211; El\u00a0 ex alcalde Jos\u00e9 Est\u00e9vez Benz\u00e1n y al regidor Gewil Acosta abandonaron los partidos\u00a0 Revolucionario Dominicano (PRD) y la Fuerza del Pueblo (FP), respectivamente, e ingresaron al&hellip; <\/p>\n","protected":false},"author":2,"featured_media":1157,"comment_status":"open","ping_status":"open","sticky":false,"template":"","format":"standard","meta":{"fifu_image_url":"","fifu_image_alt":"","footnotes":""},"categories":[63,10],"tags":[],"class_list":["post-1156","post","type-post","status-publish","format-standard","has-post-thumbnail","hentry","category-actualidad","category-marketing-politico"],"_links":{"self":[{"href":"https:\/\/elmundodelapolitica.com\/v1\/wp-json\/wp\/v2\/posts\/1156","targetHints":{"allow":["GET"]}}],"collection":[{"href":"https:\/\/elmundodelapolitica.com\/v1\/wp-json\/wp\/v2\/posts"}],"about":[{"href":"https:\/\/elmundodelapolitica.com\/v1\/wp-json\/wp\/v2\/types\/post"}],"author":[{"embeddable":true,"href":"https:\/\/elmundodelapolitica.com\/v1\/wp-json\/wp\/v2\/users\/2"}],"replies":[{"embeddable":true,"href":"https:\/\/elmundodelapolitica.com\/v1\/wp-json\/wp\/v2\/comments?post=1156"}],"version-history":[{"count":1,"href":"https:\/\/elmundodelapolitica.com\/v1\/wp-json\/wp\/v2\/posts\/1156\/revisions"}],"predecessor-version":[{"id":1158,"href":"https:\/\/elmundodelapolitica.com\/v1\/wp-json\/wp\/v2\/posts\/1156\/revisions\/1158"}],"wp:featuredmedia":[{"embeddable":true,"href":"https:\/\/elmundodelapolitica.com\/v1\/wp-json\/wp\/v2\/media\/1157"}],"wp:attachment":[{"href":"https:\/\/elmundodelapolitica.com\/v1\/wp-json\/wp\/v2\/media?parent=1156"}],"wp:term":[{"taxonomy":"category","embeddable":true,"href":"https:\/\/elmundodelapolitica.com\/v1\/wp-json\/wp\/v2\/categories?post=1156"},{"taxonomy":"post_tag","embeddable":true,"href":"https:\/\/elmundodelapolitica.com\/v1\/wp-json\/wp\/v2\/tags?post=1156"}],"curies":[{"name":"wp","href":"https:\/\/api.w.org\/{rel}","templated":true}]}}