{"id":112,"date":"2022-07-05T01:52:12","date_gmt":"2022-07-05T05:52:12","guid":{"rendered":"http:\/\/www.elmundodelapolitica.com\/v2\/?p=25565"},"modified":"2022-09-26T10:35:39","modified_gmt":"2022-09-26T14:35:39","slug":"reconoce-union-europea-reconoce-magistrada-german-con-premio-europeo-derechos-humanos","status":"publish","type":"post","link":"https:\/\/elmundodelapolitica.com\/v1\/reconoce-union-europea-reconoce-magistrada-german-con-premio-europeo-derechos-humanos\/","title":{"rendered":"Reconoce Uni\u00f3n Europea reconoce Magistrada Germ\u00e1n con Premio Europeo Derechos Humanos"},"content":{"rendered":"\n<p><strong>Santo Domingo<\/strong>, Rep\u00fablica Dominicana. Junio 30, 2022.- La Uni\u00f3n Europea est\u00e1 comprometida con la promoci\u00f3n y protecci\u00f3n de los derechos humanos, la democracia y el Estado de Derecho en Europa y en el resto del mundo. Por ello, en la segunda edici\u00f3n del Premio Europeo de los Derechos Humanos en la Rep\u00fablica Dominicana, la Uni\u00f3n Europea y sus Estados Miembros reconocieron a la magistrada Miriam Germ\u00e1n Brito por su trayectoria profesional dedicada a garantizar la justicia, y la democracia dominicana y su infatigable lucha contra la corrupci\u00f3n.<\/p>\n\n\n\n<p>Con este premio, los embajadores europeos han querido enviar un mensaje inequ\u00edvoco acerca de la importancia de la lucha contra la impunidad, y la igualdad de todos los ciudadanos ante la ley. Estos elementos son b\u00e1sicos a la hora de cimentar la confianza de los ciudadanos en las instituciones p\u00fablicas y en un sistema judicial robusto y equitativo. Tambi\u00e9n son elementos que contribuyen a la estabilidad pol\u00edtica y social, asegur\u00e1ndose que los escasos fondos p\u00fablicos se emplean de manera eficiente. Adem\u00e1s, contribuyen a crear un clima de negocios favorable y son claves para lograr un crecimiento econ\u00f3mico inclusivo y para atraer inversi\u00f3n al pa\u00eds.<\/p>\n\n\n\n<p>\u201cEl Premio Europeo a los Derechos Humanos es un s\u00edmbolo del compromiso de la Uni\u00f3n Europea en la lucha contra la corrupci\u00f3n y a favor de la transparencia y la justicia. Al otorgar este premio a la Magistrada Miriam Germ\u00e1n Brito, tanto la Uni\u00f3n Europea como sus Estados Miembros queremos resaltar nuestro reconocimiento, apoyo y m\u00e1s profundo respeto al trabajo encomiable de la Magistrada\u201d, expres\u00f3 Katja Afheldt, embajadora de la Uni\u00f3n Europea.<\/p>\n\n\n\n<p>Con una trayectoria de m\u00e1s de 50 a\u00f1os, la Magistrada Germ\u00e1n Brito ha dedicado su vida profesional al fortalecimiento del sistema judicial. En la carrera judicial, ha pasado por todos los estamentos hasta coronar su exitosa trayectoria como presidenta de la Sala Segunda de la Corte Suprema de Justicia. Actualmente ejerce como Procuradora General de la Rep\u00fablica, cargo que ocupa desde su nombramiento por el Presidente Abinader en agosto 2020. A lo largo de su vida profesional, ha recibido numerosos premios y distinciones por su gran desempe\u00f1o, entre los que destacan el Premio al M\u00e9rito Judicial, otorgado por la Comisi\u00f3n Iberoamericana de \u00c9tica Judicial en 2016, el galard\u00f3n de \u201cIntegridad y Lucha Contra la Corrupci\u00f3n\u201d o la \u201cMedalla al M\u00e9rito de la Mujer\u201d otorgado por la Presidencia de la Rep\u00fablica Dominicana en 2018.<\/p>\n\n\n\n<p>La Uni\u00f3n Europea ha desempe\u00f1ado un papel activo en la defensa de los derechos humanos, la democracia y las libertades fundamentales. La apuesta por la transparencia y contra la impunidad est\u00e1 en el centro de sus relaciones con la Rep\u00fablica Dominicana y con otros pa\u00edses a nivel regional y global.<\/p>\n","protected":false},"excerpt":{"rendered":"<p>Santo Domingo, Rep\u00fablica Dominicana. Junio 30, 2022.- La Uni\u00f3n Europea est\u00e1 comprometida con la promoci\u00f3n y protecci\u00f3n de los derechos humanos, la democracia y el Estado de Derecho en Europa&hellip; <\/p>\n","protected":false},"author":2,"featured_media":113,"comment_status":"closed","ping_status":"open","sticky":false,"template":"","format":"standard","meta":{"fifu_image_url":"","fifu_image_alt":"","footnotes":""},"categories":[14],"tags":[],"class_list":["post-112","post","type-post","status-publish","format-standard","has-post-thumbnail","hentry","category-responsabilidad-social"],"_links":{"self":[{"href":"https:\/\/elmundodelapolitica.com\/v1\/wp-json\/wp\/v2\/posts\/112","targetHints":{"allow":["GET"]}}],"collection":[{"href":"https:\/\/elmundodelapolitica.com\/v1\/wp-json\/wp\/v2\/posts"}],"about":[{"href":"https:\/\/elmundodelapolitica.com\/v1\/wp-json\/wp\/v2\/types\/post"}],"author":[{"embeddable":true,"href":"https:\/\/elmundodelapolitica.com\/v1\/wp-json\/wp\/v2\/users\/2"}],"replies":[{"embeddable":true,"href":"https:\/\/elmundodelapolitica.com\/v1\/wp-json\/wp\/v2\/comments?post=112"}],"version-history":[{"count":1,"href":"https:\/\/elmundodelapolitica.com\/v1\/wp-json\/wp\/v2\/posts\/112\/revisions"}],"predecessor-version":[{"id":435,"href":"https:\/\/elmundodelapolitica.com\/v1\/wp-json\/wp\/v2\/posts\/112\/revisions\/435"}],"wp:featuredmedia":[{"embeddable":true,"href":"https:\/\/elmundodelapolitica.com\/v1\/wp-json\/wp\/v2\/media\/113"}],"wp:attachment":[{"href":"https:\/\/elmundodelapolitica.com\/v1\/wp-json\/wp\/v2\/media?parent=112"}],"wp:term":[{"taxonomy":"category","embeddable":true,"href":"https:\/\/elmundodelapolitica.com\/v1\/wp-json\/wp\/v2\/categories?post=112"},{"taxonomy":"post_tag","embeddable":true,"href":"https:\/\/elmundodelapolitica.com\/v1\/wp-json\/wp\/v2\/tags?post=112"}],"curies":[{"name":"wp","href":"https:\/\/api.w.org\/{rel}","templated":true}]}}