{"id":106,"date":"2022-07-08T13:24:36","date_gmt":"2022-07-08T17:24:36","guid":{"rendered":"http:\/\/www.elmundodelapolitica.com\/v2\/?p=25575"},"modified":"2022-09-26T10:35:35","modified_gmt":"2022-09-26T14:35:35","slug":"comision-del-senado-consulta-con-expertos-posibilidad-de-explotar-litio","status":"publish","type":"post","link":"https:\/\/elmundodelapolitica.com\/v1\/comision-del-senado-consulta-con-expertos-posibilidad-de-explotar-litio\/","title":{"rendered":"Comisi\u00f3n del Senado consulta con expertos posibilidad de explotar litio"},"content":{"rendered":"\n<p><strong>Santo Domingo.-<\/strong>&nbsp;La Comisi\u00f3n Especial del Senado de la Rep\u00fablica Designada para la Fiscalizaci\u00f3n y Gesti\u00f3n Sostenible del Litio y Otros Metales, presidida por el senador de la Romana, Iv\u00e1n Silva, sostuvo una reuni\u00f3n con representantes del Ministerio de Miner\u00eda y del Servicio Nacional de Geolog\u00eda y Miner\u00eda de Chile, con el fin de socializar aspectos referentes a la investigaci\u00f3n y explotaci\u00f3n del mineral en Rep\u00fablica Dominicana.&nbsp;<\/p>\n\n\n\n<p>Durante el encuentro virtual, la comisi\u00f3n de senadores estuvo acompa\u00f1ada de manera presencial por el director general de Miner\u00eda de Rep\u00fablica Dominicana, Rolando Mu\u00f1oz Mej\u00eda, y el encargado de Recursos Geol\u00f3gicos Mineros del Servicio Geol\u00f3gico Nacional, Jes\u00fas Rodr\u00edguez.&nbsp;<\/p>\n\n\n\n<p>En la reuni\u00f3n se abordaron temas referentes al proceso de identificaci\u00f3n de terrenos con indicios importantes de la existencia del elemento qu\u00edmico.&nbsp;<\/p>\n\n\n\n<p>\u201cYa hemos recibido asesor\u00eda de especialistas de Chile, un pa\u00eds donde se ha explotado el litio y ya en una segunda reuni\u00f3n trataremos los aspectos de muestreos\u201d, expres\u00f3 Iv\u00e1n Silva.&nbsp;<\/p>\n\n\n\n<p>Lucio Parada Oudkerk, encargado de Asuntos Internacionales del Ministerio de Miner\u00eda de Chile, dijo que los especialistas de la instituci\u00f3n est\u00e1n dispuestos a brindar la asistencia honor\u00edfica a la Comisi\u00f3n Especial del Senado que investiga sobre el litio, a fin de que la Rep\u00fablica Dominicana obtenga los mecanismos necesarios para realizar una miner\u00eda responsable en torno al mineral.&nbsp;<\/p>\n\n\n\n<p>El director general de Miner\u00eda de Rep\u00fablica Dominicana, Rolando Mu\u00f1oz Mej\u00eda, dijo que el Gobierno dominicano tiene toda la disponibilidad de hacer las investigaciones para identificar si el pa\u00eds cuenta con yacimientos importantes y aprovechables de litio.&nbsp;<\/p>\n\n\n\n<figure class=\"wp-block-image size-large\"><img decoding=\"async\" src=\"https:\/\/www.senadord.gob.do\/wp-content\/uploads\/2022\/07\/Comision-Especial-del-Senado-consulta-con-expertos-locales-e-internacionales-posibilidad-de-explotar-litio3-1024x565.jpeg\" alt=\"\"\/><\/figure>\n\n\n\n<p>\u201cYa hemos hecho campa\u00f1as sobre elementos del litio en provincias como Barahona y Bahoruco, en zonas donde existen salares, y esperamos poder seguir dise\u00f1ando un programa efectivo de investigaci\u00f3n\u201d, sostuvo el director de Miner\u00eda.&nbsp;<\/p>\n\n\n\n<p>La comisi\u00f3n especial fue designada por el Pleno del Senado el pasado 12 de enero, luego de que el senador Silva sometiera una resoluci\u00f3n para investigar la existencia de litio en el pa\u00eds.&nbsp;<\/p>\n\n\n\n<p>La Resoluci\u00f3n que crea la comisi\u00f3n especial destaca que el litio es considerado el petr\u00f3leo del futuro y el oro blanco, ya que este mineral es imprescindible en la producci\u00f3n de bater\u00edas para autom\u00f3viles el\u00e9ctricos.&nbsp;<\/p>\n\n\n\n<p>En la reuni\u00f3n estuvieron presentes los senadores Iv\u00e1n Silva (La Romana); Melania Salvador (Bahoruco); Lic. Ricardo de los Santos (S\u00e1nchez Ram\u00edrez) y Franklin Romero (Duarte).&nbsp;<\/p>\n\n\n\n<p>Por la Direcci\u00f3n General de Miner\u00eda de Republica Dominicana participaron Rolando Mu\u00f1oz Mej\u00eda, director, y Santiago Mu\u00f1oz, ge\u00f3logo. Mientras que Jes\u00fas Rodr\u00edguez estuvo en representaci\u00f3n del Servicio Geol\u00f3gico Nacional.&nbsp;<\/p>\n\n\n\n<figure class=\"wp-block-image size-large\"><img decoding=\"async\" src=\"https:\/\/www.senadord.gob.do\/wp-content\/uploads\/2022\/07\/Comision-Especial-del-Senado-consulta-con-expertos-locales-e-internacionales-posibilidad-de-explotar-litio4-1024x682.jpeg\" alt=\"\"\/><\/figure>\n\n\n\n<p>Por el Ministerio de Miner\u00eda de Chile estuvieron Lucio Parada Oudkerk, encargado de Asuntos Internacionales, y Gonzalo Guti\u00e9rrez Gallardo, Encargado de Litio y Salares.&nbsp;<\/p>\n\n\n\n<p>Por el Servicio Nacional de Geograf\u00eda y Miner\u00eda de Chile, participaron \u00c1lvaro Amigo, subdirector Nacional de Geolog\u00eda; Felipe L\u00f3pez, jefe del Departamento de Geolog\u00eda Aplicada y Recursos Geol\u00f3gicos; Constanza Hoffmann, jefa del Departamento de Geolog\u00eda Aplicada y Recursos Geol\u00f3gicos; Guillermo L\u00f3pez, encargado de la Unidad de Recursos Minerales y Rodrigo Carrasco, profesional de la Unidad de Recursos Minerales.<\/p>\n","protected":false},"excerpt":{"rendered":"<p>Santo Domingo.-&nbsp;La Comisi\u00f3n Especial del Senado de la Rep\u00fablica Designada para la Fiscalizaci\u00f3n y Gesti\u00f3n Sostenible del Litio y Otros Metales, presidida por el senador de la Romana, Iv\u00e1n Silva,&hellip; <\/p>\n","protected":false},"author":2,"featured_media":107,"comment_status":"closed","ping_status":"open","sticky":false,"template":"","format":"standard","meta":{"fifu_image_url":"","fifu_image_alt":"","footnotes":""},"categories":[55],"tags":[],"class_list":["post-106","post","type-post","status-publish","format-standard","has-post-thumbnail","hentry","category-congreso-y-legislacion"],"_links":{"self":[{"href":"https:\/\/elmundodelapolitica.com\/v1\/wp-json\/wp\/v2\/posts\/106","targetHints":{"allow":["GET"]}}],"collection":[{"href":"https:\/\/elmundodelapolitica.com\/v1\/wp-json\/wp\/v2\/posts"}],"about":[{"href":"https:\/\/elmundodelapolitica.com\/v1\/wp-json\/wp\/v2\/types\/post"}],"author":[{"embeddable":true,"href":"https:\/\/elmundodelapolitica.com\/v1\/wp-json\/wp\/v2\/users\/2"}],"replies":[{"embeddable":true,"href":"https:\/\/elmundodelapolitica.com\/v1\/wp-json\/wp\/v2\/comments?post=106"}],"version-history":[{"count":1,"href":"https:\/\/elmundodelapolitica.com\/v1\/wp-json\/wp\/v2\/posts\/106\/revisions"}],"predecessor-version":[{"id":432,"href":"https:\/\/elmundodelapolitica.com\/v1\/wp-json\/wp\/v2\/posts\/106\/revisions\/432"}],"wp:featuredmedia":[{"embeddable":true,"href":"https:\/\/elmundodelapolitica.com\/v1\/wp-json\/wp\/v2\/media\/107"}],"wp:attachment":[{"href":"https:\/\/elmundodelapolitica.com\/v1\/wp-json\/wp\/v2\/media?parent=106"}],"wp:term":[{"taxonomy":"category","embeddable":true,"href":"https:\/\/elmundodelapolitica.com\/v1\/wp-json\/wp\/v2\/categories?post=106"},{"taxonomy":"post_tag","embeddable":true,"href":"https:\/\/elmundodelapolitica.com\/v1\/wp-json\/wp\/v2\/tags?post=106"}],"curies":[{"name":"wp","href":"https:\/\/api.w.org\/{rel}","templated":true}]}}