{"id":1044,"date":"2022-11-14T14:32:04","date_gmt":"2022-11-14T18:32:04","guid":{"rendered":"https:\/\/elmundodelapolitica.com\/v1\/?p=1044"},"modified":"2022-11-14T14:32:05","modified_gmt":"2022-11-14T18:32:05","slug":"considera-fernandez-con-punto-porcentual-encima-presidente-abinader","status":"publish","type":"post","link":"https:\/\/elmundodelapolitica.com\/v1\/considera-fernandez-con-punto-porcentual-encima-presidente-abinader\/","title":{"rendered":"<strong>Considera Fern\u00e1ndez con punto porcentual encima presidente Abinader<\/strong>"},"content":{"rendered":"\n<p>Santo Domingo, R.D. Noviembre 2022.- El secretario de Relaciones Internacionales y miembro de la Direcci\u00f3n Pol\u00edtica de la Fuerza del Pueblo (FP), Manolo Pichardo, asegur\u00f3 que el pueblo ve a Leonel Fern\u00e1ndez como l\u00edder de la oposici\u00f3n y el candidato que competir\u00e1 con el presidente Luis Abinader, ya que todo apunta a que este ser\u00e1 el postulado del PRM para competir por la Presidencia de la Rep\u00fablica.&nbsp; Estas declaraciones las hizo en el programa televisivo Pa\u00eds 2024 conducido por el comunicador Gregory Caimares.<\/p>\n\n\n\n<p>El expresidente de la Copppal y el Parlacen respald\u00f3 su posici\u00f3n expresando que lo demuestra la \u00faltima encuesta recibida por la organizaci\u00f3n, que dan un 36% a Fern\u00e1ndez y un 35% al presidente Abinader.<\/p>\n\n\n\n<p>Pichardo expres\u00f3 que hay un c\u00famulo de obras anunciadas y nada concreto durante estos dos a\u00f1os de gesti\u00f3n que se han quedado solo en picazos. Eso genera desconfianza en la gente independientemente del gasto de 2000 millones de pesos en publicidad para mejorar la imagen del gobierno, presupuesto equivalente a las 8 provincias m\u00e1s pobres del pa\u00eds.<\/p>\n\n\n\n<p>Es una cuesti\u00f3n que choca fuertemente con la realidad y es por ello que la Fuerza del Pueblo es la \u00fanica organizaci\u00f3n en firme incremento. \u201cCuando tenemos la econom\u00eda estancada, la inflaci\u00f3n avanzando hacia los dos d\u00edgitos y la poblaci\u00f3n demandando obras que no se ejecutan, obviamente que esto tiene un impacto en la p\u00e9rdida de popularidad del presidente Abinader, popularidad que se va transfiriendo Leonel Fern\u00e1ndez y la Fuerza del Pueblo\u201d afirm\u00f3.<\/p>\n\n\n\n<p>De acuerdo a lo expresado por el dirigente pol\u00edtico \u201cla situaci\u00f3n de la Fuerza del Pueblo como organizaci\u00f3n pol\u00edtica es de constante crecimiento y la gente lo puede ver y percibir\u201d. Record\u00f3 que el pasado fin de semana dirigentes pol\u00edticos de distintas organizaciones tanto del PLD, PRM y PRSC, tambi\u00e9n empresarios y personas no pol\u00edticos se juramentaron en esa organizaci\u00f3n convirti\u00e9ndose en la segunda mayor\u00eda en la provincia de Bonao en t\u00e9rminos municipales. &nbsp;<\/p>\n\n\n\n<p>Asimismo, Pichardo asegur\u00f3 que importantes figuras de la pol\u00edtica dominicana se juramentar\u00e1n el ese partido; \u201cantes de que termine el a\u00f1o vendr\u00e1 una avalancha de importantes pol\u00edticos con sus equipos a la Fuerza del Pueblo\u201d. &nbsp;<\/p>\n\n\n\n<p>El miembro de la Direcci\u00f3n Pol\u00edtica de la FP tambi\u00e9n fue abordado sobre la situaci\u00f3n de la Rep\u00fablica de Hait\u00ed, sobre la cual manifest\u00f3 que dicho pa\u00eds \u201cno tiene la capacidad por s\u00ed mismo de recomponerse de los da\u00f1os y los males estructurales que padece\"; &nbsp;enfatiz\u00f3 que \u201cHait\u00ed necesita de la solidaridad de la comunidad internacional, la que yo entiendo por Occidente, que est\u00e1 enfrentando sus propios problemas en t\u00e9rminos geopol\u00edticos y &nbsp;geoestrat\u00e9gico, por lo cual Hait\u00ed no es una prioridad para ellos\u201d.Finalmente recalc\u00f3 que nosotros como pa\u00edses debemos seguir insistiendo en que la comunidad internacional saque un espacio para atender Hait\u00ed porque de lo contrario est\u00e1 cuesti\u00f3n se convertir\u00e1 en un problema de toda nuestra subregi\u00f3n y probablemente de toda de toda Am\u00e9rica Latina.<\/p>\n","protected":false},"excerpt":{"rendered":"<p>Santo Domingo, R.D. Noviembre 2022.- El secretario de Relaciones Internacionales y miembro de la Direcci\u00f3n Pol\u00edtica de la Fuerza del Pueblo (FP), Manolo Pichardo, asegur\u00f3 que el pueblo ve a&hellip; <\/p>\n","protected":false},"author":2,"featured_media":1045,"comment_status":"open","ping_status":"open","sticky":false,"template":"","format":"standard","meta":{"fifu_image_url":"","fifu_image_alt":"","footnotes":""},"categories":[5],"tags":[],"class_list":["post-1044","post","type-post","status-publish","format-standard","has-post-thumbnail","hentry","category-partidos"],"_links":{"self":[{"href":"https:\/\/elmundodelapolitica.com\/v1\/wp-json\/wp\/v2\/posts\/1044","targetHints":{"allow":["GET"]}}],"collection":[{"href":"https:\/\/elmundodelapolitica.com\/v1\/wp-json\/wp\/v2\/posts"}],"about":[{"href":"https:\/\/elmundodelapolitica.com\/v1\/wp-json\/wp\/v2\/types\/post"}],"author":[{"embeddable":true,"href":"https:\/\/elmundodelapolitica.com\/v1\/wp-json\/wp\/v2\/users\/2"}],"replies":[{"embeddable":true,"href":"https:\/\/elmundodelapolitica.com\/v1\/wp-json\/wp\/v2\/comments?post=1044"}],"version-history":[{"count":1,"href":"https:\/\/elmundodelapolitica.com\/v1\/wp-json\/wp\/v2\/posts\/1044\/revisions"}],"predecessor-version":[{"id":1046,"href":"https:\/\/elmundodelapolitica.com\/v1\/wp-json\/wp\/v2\/posts\/1044\/revisions\/1046"}],"wp:featuredmedia":[{"embeddable":true,"href":"https:\/\/elmundodelapolitica.com\/v1\/wp-json\/wp\/v2\/media\/1045"}],"wp:attachment":[{"href":"https:\/\/elmundodelapolitica.com\/v1\/wp-json\/wp\/v2\/media?parent=1044"}],"wp:term":[{"taxonomy":"category","embeddable":true,"href":"https:\/\/elmundodelapolitica.com\/v1\/wp-json\/wp\/v2\/categories?post=1044"},{"taxonomy":"post_tag","embeddable":true,"href":"https:\/\/elmundodelapolitica.com\/v1\/wp-json\/wp\/v2\/tags?post=1044"}],"curies":[{"name":"wp","href":"https:\/\/api.w.org\/{rel}","templated":true}]}}