{"id":1040,"date":"2022-11-14T07:49:14","date_gmt":"2022-11-14T11:49:14","guid":{"rendered":"https:\/\/elmundodelapolitica.com\/v1\/?p=1040"},"modified":"2022-11-14T07:49:16","modified_gmt":"2022-11-14T11:49:16","slug":"destacan-elaboracion-de-la-politica-nacional-de-cuidados-es-una-de-las-estrategias-mas-innovadoras-del-combate-a-la-pobreza-en-rd","status":"publish","type":"post","link":"https:\/\/elmundodelapolitica.com\/v1\/destacan-elaboracion-de-la-politica-nacional-de-cuidados-es-una-de-las-estrategias-mas-innovadoras-del-combate-a-la-pobreza-en-rd\/","title":{"rendered":"Destacan elaboraci\u00f3n de la Pol\u00edtica Nacional de Cuidados es una de las estrategias m\u00e1s innovadoras del combate a la pobreza en RD"},"content":{"rendered":"\n<p>Buenos Aires, Argentina.- Como una estrategia para la reactivaci\u00f3n econ\u00f3mica, innovadora y multiplicadora de empleos, as\u00ed defini\u00f3 la&nbsp;<strong>Ministra de la Mujer, Mayra Jim\u00e9nez<\/strong>&nbsp;la construcci\u00f3n de la&nbsp;<strong>Pol\u00edtica Nacional de Cuidados<\/strong>&nbsp;de la Rep\u00fablica Dominicana, durante su participaci\u00f3n en el marco de la&nbsp;<strong>XV Conferencia Regional de Am\u00e9rica Latina y el Caribe<\/strong>, que se realiza en Argentina.<\/p>\n\n\n\n<p>Jim\u00e9nez explic\u00f3 que los avances en el establecimiento de la&nbsp;<strong>econom\u00eda y sociedad del cuidado&nbsp;<\/strong>han sido posibles gracias al compromiso, articulaci\u00f3n y participaci\u00f3n intersectorial e interinstitucional, cuyos aportes t\u00e9cnicos y financieros han sido imprescindibles, sobre todo para el arranque de este<strong>&nbsp;trayecto hacia la progresividad de los derechos humanos de las mujeres.<\/strong><\/p>\n\n\n\n<p>La Ministra destac\u00f3 que los&nbsp;<strong>servicios de cuidados combaten la pobreza y generan empleos<\/strong>&nbsp;y esto ocurre por dos v\u00edas; la primera, con la creaci\u00f3n de nuevos espacios para que las mujeres puedan&nbsp;<strong>cuidar de manera remunerada&nbsp;<\/strong>y la segunda, que les permite introducirse al&nbsp;<strong>mercado de trabajo en otras \u00e1reas.<\/strong><\/p>\n\n\n\n<p><strong>\u201cLos cuidados tienen un efecto dinamizador de la econom\u00eda\u201d<\/strong>, subray\u00f3 Jim\u00e9nez. Sin embargo, la tambi\u00e9n presidenta pro tempore del Consejo de Ministras de la Mujer de Centroam\u00e9rica y Rep\u00fablica Dominicana&nbsp;<strong>(COMMCA)<\/strong>, manifest\u00f3 que el financiamiento a estas pol\u00edticas y sistemas de cuidados integrales es&nbsp;<strong>uno de los grandes desaf\u00edos en su construcci\u00f3n, su consolidaci\u00f3n y, sobre todo, su sostenibilidad.<\/strong><\/p>\n\n\n\n<p>En ese sentido, extern\u00f3 que el financiamiento de un&nbsp;<strong>sistema integral de cuidados<\/strong>&nbsp;debe propulsar la corresponsabilidad social de los cuidados, garantizar la sostenibilidad, asegurar la transparencia y rendici\u00f3n de cuentas, ser intersectorial y valorar los resultados de la inversi\u00f3n para mejorar de forma continua las pol\u00edticas y el sistema integral de cuidados.<\/p>\n\n\n\n<p>Finalmente, revel\u00f3 que para el 2023,&nbsp;<strong>el Piloto de Comunidades de Cuidado<\/strong>, como punta de lanza para la construcci\u00f3n del Sistema Integral de Cuidados de Rep\u00fablica Dominicana, requerir\u00e1 una&nbsp;<strong>asignaci\u00f3n estimada de cerca de 36 millones de d\u00f3lares<\/strong>, equivalentes al 0.04 % del Producto Interno Bruto.<\/p>\n","protected":false},"excerpt":{"rendered":"<p>Buenos Aires, Argentina.- Como una estrategia para la reactivaci\u00f3n econ\u00f3mica, innovadora y multiplicadora de empleos, as\u00ed defini\u00f3 la&nbsp;Ministra de la Mujer, Mayra Jim\u00e9nez&nbsp;la construcci\u00f3n de la&nbsp;Pol\u00edtica Nacional de Cuidados&nbsp;de la&hellip; <\/p>\n","protected":false},"author":2,"featured_media":1041,"comment_status":"open","ping_status":"open","sticky":false,"template":"","format":"standard","meta":{"fifu_image_url":"","fifu_image_alt":"","footnotes":""},"categories":[63],"tags":[],"class_list":["post-1040","post","type-post","status-publish","format-standard","has-post-thumbnail","hentry","category-actualidad"],"_links":{"self":[{"href":"https:\/\/elmundodelapolitica.com\/v1\/wp-json\/wp\/v2\/posts\/1040","targetHints":{"allow":["GET"]}}],"collection":[{"href":"https:\/\/elmundodelapolitica.com\/v1\/wp-json\/wp\/v2\/posts"}],"about":[{"href":"https:\/\/elmundodelapolitica.com\/v1\/wp-json\/wp\/v2\/types\/post"}],"author":[{"embeddable":true,"href":"https:\/\/elmundodelapolitica.com\/v1\/wp-json\/wp\/v2\/users\/2"}],"replies":[{"embeddable":true,"href":"https:\/\/elmundodelapolitica.com\/v1\/wp-json\/wp\/v2\/comments?post=1040"}],"version-history":[{"count":1,"href":"https:\/\/elmundodelapolitica.com\/v1\/wp-json\/wp\/v2\/posts\/1040\/revisions"}],"predecessor-version":[{"id":1042,"href":"https:\/\/elmundodelapolitica.com\/v1\/wp-json\/wp\/v2\/posts\/1040\/revisions\/1042"}],"wp:featuredmedia":[{"embeddable":true,"href":"https:\/\/elmundodelapolitica.com\/v1\/wp-json\/wp\/v2\/media\/1041"}],"wp:attachment":[{"href":"https:\/\/elmundodelapolitica.com\/v1\/wp-json\/wp\/v2\/media?parent=1040"}],"wp:term":[{"taxonomy":"category","embeddable":true,"href":"https:\/\/elmundodelapolitica.com\/v1\/wp-json\/wp\/v2\/categories?post=1040"},{"taxonomy":"post_tag","embeddable":true,"href":"https:\/\/elmundodelapolitica.com\/v1\/wp-json\/wp\/v2\/tags?post=1040"}],"curies":[{"name":"wp","href":"https:\/\/api.w.org\/{rel}","templated":true}]}}