{"id":1029,"date":"2022-11-14T05:51:47","date_gmt":"2022-11-14T09:51:47","guid":{"rendered":"https:\/\/elmundodelapolitica.com\/v1\/?p=1029"},"modified":"2022-11-14T05:51:49","modified_gmt":"2022-11-14T09:51:49","slug":"cabinas-teleferico-los-alcarrizos-llegan-r-d","status":"publish","type":"post","link":"https:\/\/elmundodelapolitica.com\/v1\/cabinas-teleferico-los-alcarrizos-llegan-r-d\/","title":{"rendered":"<strong>Cabinas Telef\u00e9rico Los Alcarrizos llegan R.D.<\/strong>"},"content":{"rendered":"\n<p>Santo Domingo, R.D.\u00a014 de noviembre de 2022.-\u00a0La Unidad para la Readecuaci\u00f3n de Barrios y Entornos (URBE) inform\u00f3 que iniciaron a llegar las cabinas de la L\u00ednea 2 del Telef\u00e9rico de Santo Domingo en Los Alcarrizos. El sistema tendr\u00e1 163 cabinas en total con capacidad para 12 personas cada una.\u00a0 Las mismas llegan procedentes de Francia.<\/p>\n\n\n\n<p>Terminar\u00e1n de llegar durante este mes de noviembre lo que permitir\u00e1 que se inicie el per\u00edodo de prueba del sistema el pr\u00f3ximo mes de diciembre con las 163 unidades movi\u00e9ndose por el cable portante-tractor.<\/p>\n\n\n\n<p>Este componente es fabricado por la empresa francesa POMA S.A.S, empresa reconocida a nivel mundial por su participaci\u00f3n en sistemas de transporte por cable a\u00e9reo como recurso de transporte urbano en, Francia, Colombia, Ecuador, Per\u00fa, Brasil, Bolivia, Chile, Argentina, M\u00e9xico, Estados Unidos entre otros pa\u00edses.<\/p>\n\n\n\n<p>Cada cabina soporta un peso de carga de 900 kilogramos, y cada unidad est\u00e1 dise\u00f1ada y concebida para personas con movilidad reducida desde el ingreso hasta la salida del sistema.&nbsp; Estas cumplen con las normativas de movilidad universal que cumplen todos los sistemas de telef\u00e9rico en el mundo, para asegurar que todos puedan utilizar el sistema de manera independiente.<\/p>\n\n\n\n<p>El Telef\u00e9rico de Santo Domingo L\u00ednea 2, es un sistema de transporte por cable a\u00e9reo que est\u00e1 terminando el proceso de construcci\u00f3n por parte del estado en el municipio de Los Alcarrizos, en la provincia de Santo Domingo.&nbsp;Su objetivo principal es dotar el municipio de Los Alcarrizos de un servicio de transporte colectivo, impactando de manera directa a alrededor de 400,000 personas.<\/p>\n\n\n\n<p>El sistema est\u00e1 compuesto por 4 Estaciones, 1 Garaje de Cabinas, 25 Pilonas, 163 Cabinas, 4.20 km de l\u00ednea y una velocidad de 7 m\/s. El sistema monocable de pinzas desembragables tendr\u00e1 una capacidad de 4,500 pasajeros por hora por sentido (pphps).<\/p>\n\n\n\n<p>El Telef\u00e9rico de los Alcarrizos permitir\u00e1 mejorar la movilidad en el interior del municipio y facilitar\u00e1 la conexi\u00f3n con otros modos de transporte, permitiendo que los ciudadanos de esta zona puedan desplazarse a realizar sus actividades de trabajo, estudio, ocio y compras en un modo de transporte de calidad, r\u00e1pido, c\u00f3modo, seguro, regular y con un bajo impacto ambiental.<\/p>\n\n\n\n<p>La l\u00ednea 2 del Telef\u00e9rico de Santo Domingo forma parte del Sistema Integrado de Transporte de Santo Domingo (SIT Santo Domingo), bajo la gesti\u00f3n de la Oficina de Proyectos de Movilidad.<\/p>\n","protected":false},"excerpt":{"rendered":"<p>Santo Domingo, R.D.\u00a014 de noviembre de 2022.-\u00a0La Unidad para la Readecuaci\u00f3n de Barrios y Entornos (URBE) inform\u00f3 que iniciaron a llegar las cabinas de la L\u00ednea 2 del Telef\u00e9rico de&hellip; <\/p>\n","protected":false},"author":2,"featured_media":1030,"comment_status":"open","ping_status":"open","sticky":false,"template":"","format":"standard","meta":{"fifu_image_url":"","fifu_image_alt":"","footnotes":""},"categories":[37],"tags":[],"class_list":["post-1029","post","type-post","status-publish","format-standard","has-post-thumbnail","hentry","category-transporte"],"_links":{"self":[{"href":"https:\/\/elmundodelapolitica.com\/v1\/wp-json\/wp\/v2\/posts\/1029","targetHints":{"allow":["GET"]}}],"collection":[{"href":"https:\/\/elmundodelapolitica.com\/v1\/wp-json\/wp\/v2\/posts"}],"about":[{"href":"https:\/\/elmundodelapolitica.com\/v1\/wp-json\/wp\/v2\/types\/post"}],"author":[{"embeddable":true,"href":"https:\/\/elmundodelapolitica.com\/v1\/wp-json\/wp\/v2\/users\/2"}],"replies":[{"embeddable":true,"href":"https:\/\/elmundodelapolitica.com\/v1\/wp-json\/wp\/v2\/comments?post=1029"}],"version-history":[{"count":1,"href":"https:\/\/elmundodelapolitica.com\/v1\/wp-json\/wp\/v2\/posts\/1029\/revisions"}],"predecessor-version":[{"id":1031,"href":"https:\/\/elmundodelapolitica.com\/v1\/wp-json\/wp\/v2\/posts\/1029\/revisions\/1031"}],"wp:featuredmedia":[{"embeddable":true,"href":"https:\/\/elmundodelapolitica.com\/v1\/wp-json\/wp\/v2\/media\/1030"}],"wp:attachment":[{"href":"https:\/\/elmundodelapolitica.com\/v1\/wp-json\/wp\/v2\/media?parent=1029"}],"wp:term":[{"taxonomy":"category","embeddable":true,"href":"https:\/\/elmundodelapolitica.com\/v1\/wp-json\/wp\/v2\/categories?post=1029"},{"taxonomy":"post_tag","embeddable":true,"href":"https:\/\/elmundodelapolitica.com\/v1\/wp-json\/wp\/v2\/tags?post=1029"}],"curies":[{"name":"wp","href":"https:\/\/api.w.org\/{rel}","templated":true}]}}