{"id":1026,"date":"2022-11-14T05:48:44","date_gmt":"2022-11-14T09:48:44","guid":{"rendered":"https:\/\/elmundodelapolitica.com\/v1\/?p=1026"},"modified":"2022-11-14T05:48:46","modified_gmt":"2022-11-14T09:48:46","slug":"inaugura-infotep-centro-tecnico-profesional-4-0-en-bonao","status":"publish","type":"post","link":"https:\/\/elmundodelapolitica.com\/v1\/inaugura-infotep-centro-tecnico-profesional-4-0-en-bonao\/","title":{"rendered":"<strong>Inaugura INFOTEP Centro T\u00e9cnico Profesional 4.0 en Bonao<\/strong>"},"content":{"rendered":"\n<p>Monse\u00f1or Nouel, R.D. Noviembre 14, 2022.- El Instituto Nacional de Formaci\u00f3n T\u00e9cnico Profesional (INFOTEP), inaugur\u00f3 con la presencia de vicepresidenta de la Rep\u00fablica Raquel Pe\u00f1a, el moderno Centro T\u00e9cnico Profesional 4.0, Alfredo P\u00e9rez Vargas, especializado para formar en agrobotica, agrom\u00e1tica, agrometeorolog\u00eda, Seguridad Alimentaria 4.0, Riego y Drenaje 4.0, Acuacultura, Silvicultura, Cuidado del Medio Ambiente, Control de Procesos Ambientales, Agricultura de Precisi\u00f3n, Agroforester\u00eda y Biotecnolog\u00eda.<\/p>\n\n\n\n<p>El especializado centro, que tiene como prop\u00f3sito capacitar en los \u00faltimos avances agr\u00edcolas, con especial atenci\u00f3n a la innovaci\u00f3n y transferencia tecnol\u00f3gica, est\u00e1 ubicado en el distrito municipal de Juma Bejucal, colindante con el municipio de Bonao, donde operaba el polit\u00e9cnico Profesor Antonio Fr\u00edas, el cual fue cedido por el gobierno al INFOTEP.<\/p>\n\n\n\n<p>Rafael Santos Bad\u00eda, director general del INFOTEP, afirm\u00f3 que, con esta nueva estructura que lleva el nombre de uno de los l\u00edderes de Bonao en la lucha por la democracia y la libertad, como Alfredo P\u00e9rez Vargas, la instituci\u00f3n apoya a los sectores productivos de la zona impactando a una poblaci\u00f3n de m\u00e1s de 175 mil habitantes.<\/p>\n\n\n\n<p>\u201cCapacitaremos para aplicar tecnolog\u00eda de punta en los procesos de producci\u00f3n lo que tendr\u00e1 una incidencia directa en la calidad de la gente y la eficiencia de todas las \u00e1reas econ\u00f3micas de esta provincia\u201d, indic\u00f3.<\/p>\n\n\n\n<p>Santos Bad\u00eda explic\u00f3 que las capacitaciones que se ofrecer\u00e1n responden a las necesidades emanadas de la Consulta Nacional sobre el Futuro de la Formaci\u00f3n T\u00e9cnico Profesional y, para lograrlo, el INFOTEP trabajar\u00e1 con los Centros Operativos del Sistema, la comunidad, coordinar\u00e1 y colaborar\u00e1 con entidades del Estado, con la empresa privada y el sector cooperativo de Monse\u00f1or Nouel y las provincias circundantes.<\/p>\n\n\n\n<p>\u201cSe trata de toda una revoluci\u00f3n para capacitar a los hombres y mujeres de la provincia Monse\u00f1or Nouel y zonas aleda\u00f1as, generando un cambio important\u00edsimo en sus vidas, econom\u00eda y eficientizando la forma de producci\u00f3n agr\u00edcola, en la ganader\u00eda, silvicultura, pesca, acuacultura, acuapon\u00eda y su manejo adecuado con el medio ambiente\u201d, puntualiz\u00f3.<\/p>\n\n\n\n<p><strong>Informaci\u00f3n general<\/strong><\/p>\n\n\n\n<p>Las inscripciones est\u00e1n abiertas. En la actualidad y previo a la inauguraci\u00f3n fueron ya m\u00e1s de 100 personas.<\/p>\n\n\n\n<p>Las primeras carreras en las que se han interesado los participantes son:&nbsp; Electricidad, ingl\u00e9s y Piscicultura.<\/p>\n\n\n\n<p>La docencia inicia en la medida en que se vayan completando los qu\u00f3rums<\/p>\n\n\n\n<p>Centro T\u00e9cnico Profesional 4.0, Alfredo P\u00e9rez Vargas<\/p>\n\n\n\n<p>El nuevo centro tiene un \u00e1rea de 8, 810 metros cuadrados de terreno y 1,948 metros cuadrados de construcci\u00f3n. Consta de cuatro edificios, con aulas y talleres. Tambi\u00e9n dispone de espacio de parqueo y \u00e1rea verde.<\/p>\n\n\n\n<p>Fue cedido por el Gobierno al INFOTEP, que lo remoz\u00f3, equip\u00f3 y adecu\u00f3 a los requerimientos del nuevo centro.<\/p>\n\n\n\n<p>Cuenta con talleres de Comunicaci\u00f3n Visual y Marketing, Mec\u00e1nica de Motocicleta, Electricidad. Tambi\u00e9n Salud y Bienestar, Redes y Comunicaciones, Rob\u00f3tica, Inform\u00e1tica, Confecci\u00f3n Industrial y Gastronom\u00eda.<\/p>\n\n\n\n<p>En el exterior se aprecian los talleres de Invernadero, Apicultura, Hidropon\u00eda y Piscicultura.<\/p>\n\n\n\n<p>La poblaci\u00f3n meta ser\u00e1n empresarios de los sectores de la agricultura, ganader\u00eda, silvicultura, pesca, acuacultura, acuapon\u00eda y cuidado del medio ambiente. Tambi\u00e9n las empresas unifamiliares y mipymes del sector primario, as\u00ed como la poblaci\u00f3n en general.<\/p>\n\n\n\n<p><strong>Alfredo P\u00e9rez Vargas<\/strong><\/p>\n\n\n\n<p>El centro lleva el nombre de Alfredo P\u00e9rez Vargas, en honor a uno de los valientes y comprometidos hombres de la provincia Monse\u00f1or Nouel, cuyo recuerdo vive en el pensamiento de quienes desean los verdaderos cambios y la mejor\u00eda de la gente en el pa\u00eds.<\/p>\n\n\n\n<p>P\u00e9rez Vargas naci\u00f3 el 10 de enero de 1945 y fue fusilado el 16 de febrero de 1973, por las fuerzas pol\u00edticas que en ese momento dirig\u00edan la naci\u00f3n cuando, junto al coronel Francisco Alberto Caama\u00f1o De\u00f1\u00f3 y otros prohombres, desembarc\u00f3 por Playa Caracoles, para combatir al r\u00e9gimen. Ya antes hab\u00eda luchado en la Revoluci\u00f3n de abril de 1965.<\/p>\n\n\n\n<p><strong>Ofertas Formativas que ofrecer\u00e1 el Centro<\/strong><\/p>\n\n\n\n<p>El Centro T\u00e9cnico Profesional 4.0 Alfredo P\u00e9rez Vargas prev\u00e9 tener una oferta en investigaci\u00f3n y desarrollo agropecuario, agrojardiner\u00eda, agricultura urbana, agricultura vertical, piscicultura, sistemas de informaci\u00f3n geogr\u00e1fica en la agricultura, elaboraci\u00f3n de abonos org\u00e1nicos, agroindustria y agropecuaria (administraci\u00f3n de fincas, inseminaci\u00f3n artificial).<\/p>\n\n\n\n<p>Tambi\u00e9n las ofertas tradicionales: operaci\u00f3n y conducci\u00f3n de maquinaria pesada, mantenimiento de maquinarias pesadas, electricidad y electr\u00f3nica, refrigeraci\u00f3n, mec\u00e1nica automotriz (gasolina, di\u00e9sel, m\u00e1quinas pesadas).<\/p>\n\n\n\n<p>Asimismo, plomer\u00eda, gastronom\u00eda, panader\u00eda y reposter\u00eda, artes gr\u00e1ficas, mec\u00e1nica industrial, contabilidad, ventas, belleza y peluquer\u00eda, diplomados, secretariado e idioma ingl\u00e9s.<\/p>\n","protected":false},"excerpt":{"rendered":"<p>Monse\u00f1or Nouel, R.D. Noviembre 14, 2022.- El Instituto Nacional de Formaci\u00f3n T\u00e9cnico Profesional (INFOTEP), inaugur\u00f3 con la presencia de vicepresidenta de la Rep\u00fablica Raquel Pe\u00f1a, el moderno Centro T\u00e9cnico Profesional&hellip; <\/p>\n","protected":false},"author":2,"featured_media":1027,"comment_status":"open","ping_status":"open","sticky":false,"template":"","format":"standard","meta":{"fifu_image_url":"","fifu_image_alt":"","footnotes":""},"categories":[22],"tags":[],"class_list":["post-1026","post","type-post","status-publish","format-standard","has-post-thumbnail","hentry","category-gerencia"],"_links":{"self":[{"href":"https:\/\/elmundodelapolitica.com\/v1\/wp-json\/wp\/v2\/posts\/1026","targetHints":{"allow":["GET"]}}],"collection":[{"href":"https:\/\/elmundodelapolitica.com\/v1\/wp-json\/wp\/v2\/posts"}],"about":[{"href":"https:\/\/elmundodelapolitica.com\/v1\/wp-json\/wp\/v2\/types\/post"}],"author":[{"embeddable":true,"href":"https:\/\/elmundodelapolitica.com\/v1\/wp-json\/wp\/v2\/users\/2"}],"replies":[{"embeddable":true,"href":"https:\/\/elmundodelapolitica.com\/v1\/wp-json\/wp\/v2\/comments?post=1026"}],"version-history":[{"count":1,"href":"https:\/\/elmundodelapolitica.com\/v1\/wp-json\/wp\/v2\/posts\/1026\/revisions"}],"predecessor-version":[{"id":1028,"href":"https:\/\/elmundodelapolitica.com\/v1\/wp-json\/wp\/v2\/posts\/1026\/revisions\/1028"}],"wp:featuredmedia":[{"embeddable":true,"href":"https:\/\/elmundodelapolitica.com\/v1\/wp-json\/wp\/v2\/media\/1027"}],"wp:attachment":[{"href":"https:\/\/elmundodelapolitica.com\/v1\/wp-json\/wp\/v2\/media?parent=1026"}],"wp:term":[{"taxonomy":"category","embeddable":true,"href":"https:\/\/elmundodelapolitica.com\/v1\/wp-json\/wp\/v2\/categories?post=1026"},{"taxonomy":"post_tag","embeddable":true,"href":"https:\/\/elmundodelapolitica.com\/v1\/wp-json\/wp\/v2\/tags?post=1026"}],"curies":[{"name":"wp","href":"https:\/\/api.w.org\/{rel}","templated":true}]}}